{"id":109468,"date":"2026-03-25T13:15:02","date_gmt":"2026-03-25T17:15:02","guid":{"rendered":"https:\/\/skygroup.com.ve\/web\/?p=109468"},"modified":"2026-03-25T13:29:51","modified_gmt":"2026-03-25T17:29:51","slug":"feliz-cumpleanos-valencia","status":"publish","type":"post","link":"https:\/\/skygroup.com.ve\/web\/feliz-cumpleanos-valencia\/","title":{"rendered":"\u00a1Feliz cumplea\u00f1os Valencia!"},"content":{"rendered":"<figure class=\"wp-block-image aligncenter size-large\"><img data-recalc-dims=\"1\" fetchpriority=\"high\" decoding=\"async\" width=\"819\" height=\"1024\" src=\"https:\/\/i0.wp.com\/skygroup.com.ve\/web\/wp-content\/uploads\/2026\/03\/Valencia-0.png?resize=819%2C1024&#038;ssl=1\" alt=\"\" class=\"wp-image-109470\" srcset=\"https:\/\/i0.wp.com\/skygroup.com.ve\/web\/wp-content\/uploads\/2026\/03\/Valencia-0.png?resize=819%2C1024&amp;ssl=1 819w, https:\/\/i0.wp.com\/skygroup.com.ve\/web\/wp-content\/uploads\/2026\/03\/Valencia-0.png?resize=240%2C300&amp;ssl=1 240w, https:\/\/i0.wp.com\/skygroup.com.ve\/web\/wp-content\/uploads\/2026\/03\/Valencia-0.png?resize=768%2C960&amp;ssl=1 768w, https:\/\/i0.wp.com\/skygroup.com.ve\/web\/wp-content\/uploads\/2026\/03\/Valencia-0.png?resize=600%2C750&amp;ssl=1 600w, https:\/\/i0.wp.com\/skygroup.com.ve\/web\/wp-content\/uploads\/2026\/03\/Valencia-0.png?w=1080&amp;ssl=1 1080w\" sizes=\"(max-width: 819px) 100vw, 819px\" \/><\/figure><div style=\"height:38px\" aria-hidden=\"true\" class=\"wp-block-spacer\"><\/div><p><strong>Inmuebles como historia.<\/strong><\/p><div style=\"height:40px\" aria-hidden=\"true\" class=\"wp-block-spacer\"><\/div><p>Estamos de cumplea\u00f1os: la ciudad de Valencia, en Venezuela, celebra hoy <a href=\"https:\/\/www.google.com\/search?q=25+de+marzo&amp;sca_esv=3631f857cd865840&amp;rlz=1C1ASRM_enVE1204VE1204&amp;sxsrf=ANbL-n6nV2MhnltgaETO1LU0b2qxcFMypA%3A1774382025742&amp;ei=yevCad73LIiwwbkPqMzb-Qo&amp;biw=1280&amp;bih=551&amp;ved=2ahUKEwjotsqcqLmTAxX0mSYFHdTDPL8QgK4QegQIARAB&amp;uact=5&amp;oq=cuantos+a%C3%B1os+cumple+valencia+el+de+ma%C3%B1ana&amp;gs_lp=Egxnd3Mtd2l6LXNlcnAiK2N1YW50b3MgYcOxb3MgY3VtcGxlIHZhbGVuY2lhIGVsIGRlIG1hw7FhbmEyBRAhGJ8FMgUQIRifBTIFECEYnwVIxEpQyCtYn0dwAXgBkAEAmAHgAaABgQ-qAQYwLjEyLjG4AQPIAQD4AQGYAg6gAu4PwgIKEAAYsAMY1gQYR8ICBhAAGBYYHsICBRAAGO8FwgIIEAAYogQYiQXCAggQABgWGAoYHsICBRAhGKABwgIEECEYFZgDAIgGAZAGCJIHBjEuMTEuMqAHhFKyBwYwLjExLjK4B-kPwgcIMC4zLjEwLjHIB0GACAA&amp;sclient=gws-wiz-serp\">25 de marzo<\/a>&nbsp;su aniversario. Nuestra ciudad cumple&nbsp;471 a\u00f1os&nbsp;de su fundaci\u00f3n.&nbsp; \u00a1Felicitaciones Valencia del rey, novia del sol! Esperando que esta hermosa, din\u00e1mica y productiva ciudad reciba hermosos regalos de nosotros sus habitantes.<\/p><div style=\"height:40px\" aria-hidden=\"true\" class=\"wp-block-spacer\"><\/div><p>\u200bSiendo que somos una empresa inmobiliaria, hoy en su cumplea\u00f1os hablaremos de los inmuebles mas importantes de esta metr\u00f3polis. Que como lo se\u00f1alamos en nuestra nota del lunes 16 de marzo, es una localidad que intervino de manera crucial en la independencia de Venezuela.<\/p><div style=\"height:40px\" aria-hidden=\"true\" class=\"wp-block-spacer\"><\/div><p>Valencia, la \u00abCiudad Real\u00bb, esconde entre sus muros siglos de historia, decisiones pol\u00edticas que cambiaron el rumbo del pa\u00eds y, por supuesto, ese toque de misterio que solo las casonas antiguas pueden guardar.<\/p><div style=\"height:40px\" aria-hidden=\"true\" class=\"wp-block-spacer\"><\/div><p>A continuaci\u00f3n hablaremos de los inmuebles mas antiguos y otros mas modernos.<\/p><div style=\"height:40px\" aria-hidden=\"true\" class=\"wp-block-spacer\"><\/div><p><strong>\u200b1.- <strong>Teatro Municipal de Valencia<\/strong><\/strong><\/p><div style=\"height:27px\" aria-hidden=\"true\" class=\"wp-block-spacer\"><\/div><p><\/p><p>Su construcci\u00f3n comenz\u00f3 en 1879 por decreto de Antonio Guzm\u00e1n Blanco y fue inaugurado en 1894. Es una joya de estilo neocl\u00e1sico inspirada en la \u00d3pera Garnier de Par\u00eds. \u200bSe dice que en sus pasillos y camerinos habita el esp\u00edritu de una antigua actriz que se niega a abandonar el escenario. Los trabajadores cuentan que, en el silencio de la noche, se escuchan aplausos lejanos y el crujir de las tablas. \u200bEste teatro es un monumento hist\u00f3rico nacional y se mantiene activo como el principal epicentro cultural de la ciudad.<\/p><div style=\"height:40px\" aria-hidden=\"true\" class=\"wp-block-spacer\"><\/div><p><strong>2.-<\/strong> <strong><strong>Palacio de los Iturriza (Quinta La Isabela)<\/strong><\/strong><\/p><div style=\"height:27px\" aria-hidden=\"true\" class=\"wp-block-spacer\"><\/div><p><\/p><p>Tambi\u00e9n tenemos el Palacio de Los Iturriza, construido en 1887 por encargo de Don Juan Miguel Iturriza. Es famoso por sus g\u00e1rgolas y su arquitectura de influencia francesa. <\/p><p>\u200bMitos: Es quiz\u00e1s el inmueble con m\u00e1s leyendas. Se habla de \u00abLa Viuda de Negro\u00bb que aparece en los jardines y de un ni\u00f1o que juega en las escaleras de madera. Los vecinos cuentan que las g\u00e1rgolas parecen \u00abvigilar\u00bb a quienes pasan por la Av. Miranda.<\/p><p>\u200bActualmente es la sede del Museo de la Ciudad y Monumento Hist\u00f3rico. Est\u00e1 bien preservado y es un punto tur\u00edstico clave. En el 2024, la gobernaci\u00f3n del estado se comprometi\u00f3 a restaurar esta casa.<\/p><div style=\"height:40px\" aria-hidden=\"true\" class=\"wp-block-spacer\"><\/div><div style=\"height:27px\" aria-hidden=\"true\" class=\"wp-block-spacer\"><\/div><p><strong>3.-<\/strong> <strong><strong>Casa de la Estrella<\/strong><\/strong><\/p><p>Construida en el siglo XVIII, funcion\u00f3 como hospital y fue sede del Congreso de Valencia en 1812 y 1830. Fue aqu\u00ed donde naci\u00f3 formalmente la Rep\u00fablica de Venezuela al separarse de la Gran Colombia. \u200bLa leyenda cuenta que en las noches de aniversario del Congreso, se pueden escuchar murmullos de discusiones pol\u00edticas acaloradas que provienen del sal\u00f3n principal. \u200bConvertida en Centro Cultural y sede de la Academia de la Historia de Carabobo.<\/p><div style=\"height:35px\" aria-hidden=\"true\" class=\"wp-block-spacer\"><\/div><p><strong>4.- <strong>Capitolio de Valencia<\/strong><\/strong><\/p><div style=\"height:35px\" aria-hidden=\"true\" class=\"wp-block-spacer\"><\/div><p>Originalmente era el Convento de las Carmelitas Descalzas (1764). En 1874, Guzm\u00e1n Blanco lo convirti\u00f3 en sede de gobierno. \u200bEl cuadro \u00abBol\u00edvar en Carabobo\u00bb de Arturo Michelena, ubicado en el Sal\u00f3n Bol\u00edvar, tiene una curiosidad: dicen que la mirada del Libertador y el paso de su caballo parecen seguirte desde cualquier \u00e1ngulo que lo veas. \u200bSirve como sede de la Gobernaci\u00f3n del Estado Carabobo.<\/p><div style=\"height:35px\" aria-hidden=\"true\" class=\"wp-block-spacer\"><\/div><p><\/p><p class=\"has-text-align-left\"><strong>\u200b5.- <strong>Casa P\u00e1ez (Museo Hist\u00f3rico)<\/strong><\/strong><\/p><div style=\"height:27px\" aria-hidden=\"true\" class=\"wp-block-spacer\"><\/div><p>Fue la residencia del General Jos\u00e9 Antonio P\u00e1ez despu\u00e9s de la Batalla de Carabobo (1821). Destacan sus frescos pintados por Pedro Castillo. \u200bSe dice que el esp\u00edritu de P\u00e1ez \u00abvigila\u00bb la casa. Hay leyendas sobre tesoros enterrados (morocotas) en sus patios interiores, algo com\u00fan en las casas de los pr\u00f3ceres. \u200bEs hoy d\u00eda un &nbsp;Museo Hist\u00f3rico. Conserva muebles y objetos originales del \u00abCentauro de los Llanos\u00bb.<\/p><div style=\"height:43px\" aria-hidden=\"true\" class=\"wp-block-spacer\"><\/div><p class=\"has-text-align-left\"><strong><strong>6.- Ateneo de Valencia<\/strong><\/strong><\/p><div style=\"height:24px\" aria-hidden=\"true\" class=\"wp-block-spacer\"><\/div><p>Fundado en 1936, es una de las instituciones culturales m\u00e1s antiguas. El edificio actual es una obra maestra de la arquitectura moderna de mediados de siglo. \u200bM\u00e1s que fantasmas, su \u00abmito\u00bb es su resiliencia. Se dice que es el alma intelectual de la ciudad y que su sal\u00f3n de exposiciones tiene una ac\u00fastica \u00abm\u00e1gica\u00bb. \u200bAl d\u00eda de hoy contin\u00faa funcionando como centro de arte, aunque ha pasado por periodos de restauraci\u00f3n. <\/p><p>\u200b<\/p><div style=\"height:40px\" aria-hidden=\"true\" class=\"wp-block-spacer\"><\/div><p>Si el casco central nos habla de la \u00abValencia Se\u00f1orial\u00bb, las construcciones del siglo XX y XXI son el testimonio de esa \u00abCiudad Industrial\u00bb y moderna que se atrevi\u00f3 a mirar al cielo. Vamos ahora con los m\u00e1s modernos.<\/p><div style=\"height:40px\" aria-hidden=\"true\" class=\"wp-block-spacer\"><\/div><p><strong>7.- World Trade Center Valencia (Complejo Hesperia)<\/strong><\/p><div style=\"height:27px\" aria-hidden=\"true\" class=\"wp-block-spacer\"><\/div><p class=\"has-text-align-left\">Es, sin duda, el icono del siglo XXI en la ciudad. Este complejo no solo es un hotel, sino el centro de convenciones m\u00e1s grande de Venezuela. \u200bFue concebido para posicionar a Valencia en el mapa del comercio global. Se inaugur\u00f3 en 2009 durante la Expo Fedec\u00e1maras. \u200bSus dos torres (la de oficinas y la del hotel) est\u00e1n conectadas por un puente a\u00e9reo entre los pisos 10 y 11, un detalle arquitect\u00f3nico que simboliza la uni\u00f3n entre los negocios y la hospitalidad. \u200bIndiscutiblemente representa el epicentro de los eventos corporativos, galas y exposiciones m\u00e1s importantes de la regi\u00f3n.<\/p><p><\/p><div style=\"height:38px\" aria-hidden=\"true\" class=\"wp-block-spacer\"><\/div><p><strong>8.-<\/strong> <strong>Torre Banaven (El \u00abCubo de Cristal\u00bb)<\/strong><\/p><div style=\"height:27px\" aria-hidden=\"true\" class=\"wp-block-spacer\"><\/div><p class=\"has-text-align-left\">Es un referente de la arquitectura de finales de los 70 y principios de los 80, cuando Valencia viv\u00eda su mayor auge industrial. \u200bConstruida hacia 1979. \u200bSu dise\u00f1o vanguardista para la \u00e9poca, con l\u00edneas limpias y una estructura que priorizaba la luz natural, marc\u00f3 el inicio del crecimiento vertical de la Av. Bol\u00edvar Norte. \u200bSigue operativa y es f\u00e1cilmente reconocible por su ubicaci\u00f3n estrat\u00e9gica en la zona norte.<\/p><div style=\"height:40px\" aria-hidden=\"true\" class=\"wp-block-spacer\"><\/div><p><strong>9.-<\/strong> <strong>Centro Comercial Camoruco<\/strong><\/p><div style=\"height:29px\" aria-hidden=\"true\" class=\"wp-block-spacer\"><\/div><p>Para la generaci\u00f3n que creci\u00f3 entre los 80 y 90, este fue el primer gran centro de encuentro moderno de la ciudad, antes de la llegada de los gigantes actuales. \u200bInaugurado a principios de los 80. Fue el lugar de las primeras escaleras mec\u00e1nicas que muchos ni\u00f1os valencianos conocieron y el punto de reuni\u00f3n obligado antes de que la ciudad se expandiera hacia el norte (Naguanagua). Su torre de oficinas fue una de las m\u00e1s altas de la ciudad en su momento. \u200bAunque han surgido centros comerciales m\u00e1s grandes, Camoruco se mantiene como un punto de referencia comercial y de oficinas muy activo en la Av. Bol\u00edvar.<\/p><div style=\"height:41px\" aria-hidden=\"true\" class=\"wp-block-spacer\"><\/div><div style=\"height:41px\" aria-hidden=\"true\" class=\"wp-block-spacer\"><\/div><p class=\"has-text-align-left\">Estos edificios representan el paso de la Valencia colonial a la metr\u00f3polis pujante que es hoy.<\/p><div style=\"height:37px\" aria-hidden=\"true\" class=\"wp-block-spacer\"><\/div><div style=\"height:100px\" aria-hidden=\"true\" class=\"wp-block-spacer\"><\/div><div class=\"wp-block-uagb-separator uagb-block-1fb7d33c\"><div class=\"wp-block-uagb-separator__inner\" style=\"--my-background-image:\"><\/div><\/div><p>No olvides seguirnos tambi\u00e9n en nuestras redes sociales y compartir tus comentarios e ideas sobre temas que te gustar\u00eda ver tratados en futuras publicaciones. <\/p><p>Tambi\u00e9n te invitamos a suscribirte a nuestro canal de Youtube:<\/p><p><a href=\"https:\/\/youtube.com\/@skygroupve2012?si=agIN3WUs2aWVJgh9\" data-type=\"link\" data-id=\"https:\/\/www.youtube.com\/@skygroupnet\">https:\/\/www.youtube.com\/@SkyGroupVe2012<\/a><\/p><p>Echa tambi\u00e9n un vistazo a Despertar Inmobiliario, nuestra casa en la plataforma clubhouse.<\/p><p><a href=\"https:\/\/www.clubhouse.com\/house\/despertar-inmobiliario?chs=9d4SpKz4lN%3AjaN3Ao-PlGr0VdSBW4oG9GvKsEQRWLWLLZ8U10sSCB8\">https:\/\/www.clubhouse.com\/house\/despertar-inmobiliario?chs=9d4SpKz4lN%3AjaN3Ao-PlGr0VdSBW4oG9GvKsEQRWLWLLZ8U10sSCB8<\/a><\/p><p><\/p>","protected":false},"excerpt":{"rendered":"<p>Valencia<\/p>\n","protected":false},"author":2,"featured_media":109473,"comment_status":"closed","ping_status":"open","sticky":false,"template":"","format":"standard","meta":{"_acf_changed":false,"_uag_custom_page_level_css":"","site-sidebar-layout":"default","site-content-layout":"","ast-site-content-layout":"normal-width-container","site-content-style":"default","site-sidebar-style":"default","ast-global-header-display":"","ast-banner-title-visibility":"","ast-main-header-display":"","ast-hfb-above-header-display":"","ast-hfb-below-header-display":"","ast-hfb-mobile-header-display":"","site-post-title":"","ast-breadcrumbs-content":"","ast-featured-img":"disabled","footer-sml-layout":"","ast-disable-related-posts":"","theme-transparent-header-meta":"","adv-header-id-meta":"","stick-header-meta":"","header-above-stick-meta":"","header-main-stick-meta":"","header-below-stick-meta":"","astra-migrate-meta-layouts":"set","ast-page-background-enabled":"default","ast-page-background-meta":{"desktop":{"background-color":"var(--ast-global-color-4)","background-image":"","background-repeat":"repeat","background-position":"center center","background-size":"auto","background-attachment":"scroll","background-type":"","background-media":"","overlay-type":"","overlay-color":"","overlay-opacity":"","overlay-gradient":""},"tablet":{"background-color":"","background-image":"","background-repeat":"repeat","background-position":"center center","background-size":"auto","background-attachment":"scroll","background-type":"","background-media":"","overlay-type":"","overlay-color":"","overlay-opacity":"","overlay-gradient":""},"mobile":{"background-color":"","background-image":"","background-repeat":"repeat","background-position":"center center","background-size":"auto","background-attachment":"scroll","background-type":"","background-media":"","overlay-type":"","overlay-color":"","overlay-opacity":"","overlay-gradient":""}},"ast-content-background-meta":{"desktop":{"background-color":"var(--ast-global-color-5)","background-image":"","background-repeat":"repeat","background-position":"center center","background-size":"auto","background-attachment":"scroll","background-type":"","background-media":"","overlay-type":"","overlay-color":"","overlay-opacity":"","overlay-gradient":""},"tablet":{"background-color":"var(--ast-global-color-5)","background-image":"","background-repeat":"repeat","background-position":"center center","background-size":"auto","background-attachment":"scroll","background-type":"","background-media":"","overlay-type":"","overlay-color":"","overlay-opacity":"","overlay-gradient":""},"mobile":{"background-color":"var(--ast-global-color-5)","background-image":"","background-repeat":"repeat","background-position":"center center","background-size":"auto","background-attachment":"scroll","background-type":"","background-media":"","overlay-type":"","overlay-color":"","overlay-opacity":"","overlay-gradient":""}},"jetpack_post_was_ever_published":false,"_jetpack_newsletter_access":"","_jetpack_dont_email_post_to_subs":false,"_jetpack_newsletter_tier_id":0,"_jetpack_memberships_contains_paywalled_content":false,"_jetpack_memberships_contains_paid_content":false,"_joinchat":[],"footnotes":""},"categories":[10],"tags":[393,8,327],"class_list":["post-109468","post","type-post","status-publish","format-standard","has-post-thumbnail","hentry","category-tecnologia","tag-asesoria","tag-blog","tag-skygroup"],"acf":[],"jetpack_featured_media_url":"https:\/\/i0.wp.com\/skygroup.com.ve\/web\/wp-content\/uploads\/2026\/03\/Valencia01.jpeg?fit=1220%2C1417&ssl=1","uagb_featured_image_src":{"full":["https:\/\/i0.wp.com\/skygroup.com.ve\/web\/wp-content\/uploads\/2026\/03\/Valencia01.jpeg?fit=1220%2C1417&ssl=1",1220,1417,false],"thumbnail":["https:\/\/i0.wp.com\/skygroup.com.ve\/web\/wp-content\/uploads\/2026\/03\/Valencia01.jpeg?resize=150%2C150&ssl=1",150,150,true],"medium":["https:\/\/i0.wp.com\/skygroup.com.ve\/web\/wp-content\/uploads\/2026\/03\/Valencia01.jpeg?fit=258%2C300&ssl=1",258,300,true],"medium_large":["https:\/\/i0.wp.com\/skygroup.com.ve\/web\/wp-content\/uploads\/2026\/03\/Valencia01.jpeg?fit=768%2C892&ssl=1",768,892,true],"large":["https:\/\/i0.wp.com\/skygroup.com.ve\/web\/wp-content\/uploads\/2026\/03\/Valencia01.jpeg?fit=882%2C1024&ssl=1",882,1024,true],"1536x1536":["https:\/\/i0.wp.com\/skygroup.com.ve\/web\/wp-content\/uploads\/2026\/03\/Valencia01.jpeg?fit=1220%2C1417&ssl=1",1220,1417,true],"2048x2048":["https:\/\/i0.wp.com\/skygroup.com.ve\/web\/wp-content\/uploads\/2026\/03\/Valencia01.jpeg?fit=1220%2C1417&ssl=1",1220,1417,true],"woocommerce_thumbnail":["https:\/\/i0.wp.com\/skygroup.com.ve\/web\/wp-content\/uploads\/2026\/03\/Valencia01.jpeg?resize=300%2C300&ssl=1",300,300,true],"woocommerce_single":["https:\/\/i0.wp.com\/skygroup.com.ve\/web\/wp-content\/uploads\/2026\/03\/Valencia01.jpeg?fit=600%2C697&ssl=1",600,697,true],"woocommerce_gallery_thumbnail":["https:\/\/i0.wp.com\/skygroup.com.ve\/web\/wp-content\/uploads\/2026\/03\/Valencia01.jpeg?resize=100%2C100&ssl=1",100,100,true]},"uagb_author_info":{"display_name":"Jorge Luis Avila Jimenez","author_link":"https:\/\/skygroup.com.ve\/web\/author\/jorgeavila\/"},"uagb_comment_info":0,"uagb_excerpt":"Valencia","jetpack_sharing_enabled":true,"rttpg_featured_image_url":{"full":["https:\/\/i0.wp.com\/skygroup.com.ve\/web\/wp-content\/uploads\/2026\/03\/Valencia01.jpeg?fit=1220%2C1417&ssl=1",1220,1417,false],"landscape":["https:\/\/skygroup.com.ve\/web\/wp-content\/uploads\/2026\/03\/Valencia01.jpeg",1220,1417,false],"portraits":["https:\/\/skygroup.com.ve\/web\/wp-content\/uploads\/2026\/03\/Valencia01.jpeg",1220,1417,false],"thumbnail":["https:\/\/i0.wp.com\/skygroup.com.ve\/web\/wp-content\/uploads\/2026\/03\/Valencia01.jpeg?resize=150%2C150&ssl=1",150,150,true],"medium":["https:\/\/i0.wp.com\/skygroup.com.ve\/web\/wp-content\/uploads\/2026\/03\/Valencia01.jpeg?fit=258%2C300&ssl=1",258,300,true],"large":["https:\/\/i0.wp.com\/skygroup.com.ve\/web\/wp-content\/uploads\/2026\/03\/Valencia01.jpeg?fit=882%2C1024&ssl=1",882,1024,true],"1536x1536":["https:\/\/i0.wp.com\/skygroup.com.ve\/web\/wp-content\/uploads\/2026\/03\/Valencia01.jpeg?fit=1220%2C1417&ssl=1",1220,1417,true],"2048x2048":["https:\/\/i0.wp.com\/skygroup.com.ve\/web\/wp-content\/uploads\/2026\/03\/Valencia01.jpeg?fit=1220%2C1417&ssl=1",1220,1417,true],"woocommerce_thumbnail":["https:\/\/i0.wp.com\/skygroup.com.ve\/web\/wp-content\/uploads\/2026\/03\/Valencia01.jpeg?resize=300%2C300&ssl=1",300,300,true],"woocommerce_single":["https:\/\/i0.wp.com\/skygroup.com.ve\/web\/wp-content\/uploads\/2026\/03\/Valencia01.jpeg?fit=600%2C697&ssl=1",600,697,true],"woocommerce_gallery_thumbnail":["https:\/\/i0.wp.com\/skygroup.com.ve\/web\/wp-content\/uploads\/2026\/03\/Valencia01.jpeg?resize=100%2C100&ssl=1",100,100,true]},"rttpg_author":{"display_name":"Jorge Luis Avila Jimenez","author_link":"https:\/\/skygroup.com.ve\/web\/author\/jorgeavila\/"},"rttpg_comment":0,"rttpg_category":"<a href=\"https:\/\/skygroup.com.ve\/web\/category\/blog\/tecnologia\/\" rel=\"category tag\">Tecnolog\u00eda<\/a>","rttpg_excerpt":"Valencia","_links":{"self":[{"href":"https:\/\/skygroup.com.ve\/web\/wp-json\/wp\/v2\/posts\/109468","targetHints":{"allow":["GET"]}}],"collection":[{"href":"https:\/\/skygroup.com.ve\/web\/wp-json\/wp\/v2\/posts"}],"about":[{"href":"https:\/\/skygroup.com.ve\/web\/wp-json\/wp\/v2\/types\/post"}],"author":[{"embeddable":true,"href":"https:\/\/skygroup.com.ve\/web\/wp-json\/wp\/v2\/users\/2"}],"replies":[{"embeddable":true,"href":"https:\/\/skygroup.com.ve\/web\/wp-json\/wp\/v2\/comments?post=109468"}],"version-history":[{"count":4,"href":"https:\/\/skygroup.com.ve\/web\/wp-json\/wp\/v2\/posts\/109468\/revisions"}],"predecessor-version":[{"id":109475,"href":"https:\/\/skygroup.com.ve\/web\/wp-json\/wp\/v2\/posts\/109468\/revisions\/109475"}],"wp:featuredmedia":[{"embeddable":true,"href":"https:\/\/skygroup.com.ve\/web\/wp-json\/wp\/v2\/media\/109473"}],"wp:attachment":[{"href":"https:\/\/skygroup.com.ve\/web\/wp-json\/wp\/v2\/media?parent=109468"}],"wp:term":[{"taxonomy":"category","embeddable":true,"href":"https:\/\/skygroup.com.ve\/web\/wp-json\/wp\/v2\/categories?post=109468"},{"taxonomy":"post_tag","embeddable":true,"href":"https:\/\/skygroup.com.ve\/web\/wp-json\/wp\/v2\/tags?post=109468"}],"curies":[{"name":"wp","href":"https:\/\/api.w.org\/{rel}","templated":true}]}}